{"id":750,"date":"2019-10-24T18:19:14","date_gmt":"2019-10-24T18:19:14","guid":{"rendered":"http:\/\/note.ba\/?p=750"},"modified":"2019-12-06T13:36:16","modified_gmt":"2019-12-06T13:36:16","slug":"note-za-djecu-prijavi-se-na-audiciju","status":"publish","type":"post","link":"https:\/\/note.ba\/index.php\/2019\/10\/24\/note-za-djecu-prijavi-se-na-audiciju\/","title":{"rendered":"Note za djecu &#8211; prijavi se na audiciju"},"content":{"rendered":"\n<p><\/p>\n\n\n\n<p class=\"has-text-align-center\"><strong>Tra\u017eimo talente u Op\u0107ini Stari Grad<\/strong><\/p>\n\n\n\n<p>Prijavi se na audiciju za:<br>&#8211;  <strong>Gitara <\/strong>( svi koji \u017eele nau\u010diti svirati ovaj instrument)<br>&#8211;  <strong>Klavir <\/strong>(svi koji \u017eele nau\u010diti svirati ovaj instrument)<br>&#8211;  <strong>Orkestar <\/strong>( djeca koja znaju svirati neki od instrumenata)<br>&#8211;  <strong>Hor <\/strong>( individualno i grupno pjevanje)<br> <\/p>\n\n\n\n<p><\/p>\n\n\n\n<p><\/p>\n\n\n\n<p><\/p>\n\n\n\n<p><\/p>\n\n\n\n<p><\/p>\n\n\n\n<p><\/p>\n\n\n\n<p>Veliko nam je zadovoljstvo najaviti projekat \u201eNote za djecu\u201c pod pokroviteljstvom Op\u0107ine Stari Grad, a koji je podr\u017ean od strane ReLOaD programa koji finansira Evropska unija, a implementira UNDP  projekat  u sklopu kojeg \u0107emo realizovati besplatne muzi\u010dke radionice u trajanju  6 mjeseci i formirati: Dje\u010diji hor Op\u0107ine Stari Grad, Dje\u010diji orkestar Op\u0107ine Stari Grad, a za zavr\u0161nu manifestaciju prezentovati i Dje\u010diju himnu Op\u0107ine Stari Grad koju \u0107e mentori zajedno sa djecom napisati, komponovati i snimiti audio uradak.<\/p>\n\n\n\n<p><br>Prijaviti se mo\u017eete i online klikom na <a rel=\"noreferrer noopener\" aria-label=\" (otvara se u novoj kartici)\" href=\"https:\/\/docs.google.com\/forms\/d\/e\/1FAIpQLSdmpNnZj1lhhXhig2_sAkzPNBPRShKCHSZEFkaV5hzwi65J-w\/viewform\" target=\"_blank\"><strong>LINK<\/strong><\/a>, a za sve dodatne informacije mo\u017eete nas kontaktirati na <strong>radionica@note.ba<\/strong>.<\/p>\n\n\n\n<p>Cilj Muzi\u010dke radionice \u201eNote\u201c je:<br> &#8211; Pribli\u017eiti muziku djetetu i probuditi u njemu umjetni\u010dko stvaralastvo kroz igru i edukaciju i omogu\u010diti djetetu izbor:<\/p>\n\n\n\n<ol class=\"wp-block-list\"><li>Stru\u010dnog usmjeravanja<\/li><li>Stvaranja publike za kulturno umjetni\u010dke pravce<\/li><li>Muzike kao hobija<\/li><\/ol>\n\n\n\n<p>&#8211; Podi\u0107i nivo obrazovanja i intelekta kroz ovaj vid umjetnosti i unaprijediti intelektualnu strukturu dru\u0161tva i podi\u0107i je na nivo kulture koji i zaslu\u017euje.<br>&#8211; Saradnja sa institucijama i organizacijama koje podsti\u010du i afirmi\u0161u razvoj muzi\u010dke kulture kod mladih,<br> &#8211; Saradnja sa visoko \u0161kolskim institucijama iz oblasti kulture u zemlji i inostranstvu.<\/p>\n\n\n\n<div class=\"wp-block-image\"><figure class=\"alignright is-resized\"><a href=\"http:\/\/bit.ly\/2ElJvbg\"><img loading=\"lazy\" decoding=\"async\" src=\"https:\/\/note.ba\/wp-content\/uploads\/2019\/11\/UNDP20logo20vector-4-444x1024.jpg\" alt=\"\" class=\"wp-image-771\" width=\"50\" height=\"115\" srcset=\"https:\/\/note.ba\/wp-content\/uploads\/2019\/11\/UNDP20logo20vector-4-444x1024.jpg 444w, https:\/\/note.ba\/wp-content\/uploads\/2019\/11\/UNDP20logo20vector-4-130x300.jpg 130w, https:\/\/note.ba\/wp-content\/uploads\/2019\/11\/UNDP20logo20vector-4-768x1771.jpg 768w, https:\/\/note.ba\/wp-content\/uploads\/2019\/11\/UNDP20logo20vector-4.jpg 804w\" sizes=\"auto, (max-width: 50px) 100vw, 50px\" \/><\/a><\/figure><\/div>\n\n\n\n<div class=\"wp-block-image\"><figure class=\"alignleft is-resized\"><a href=\"http:\/\/bit.ly\/2ElJvbg\"><img loading=\"lazy\" decoding=\"async\" src=\"https:\/\/note.ba\/wp-content\/uploads\/2019\/11\/Projekat-finansira-Evropska-unija-3-1024x576.png\" alt=\"\" class=\"wp-image-772\" width=\"150\" height=\"85\" srcset=\"https:\/\/note.ba\/wp-content\/uploads\/2019\/11\/Projekat-finansira-Evropska-unija-3-1024x576.png 1024w, https:\/\/note.ba\/wp-content\/uploads\/2019\/11\/Projekat-finansira-Evropska-unija-3-300x169.png 300w, https:\/\/note.ba\/wp-content\/uploads\/2019\/11\/Projekat-finansira-Evropska-unija-3-768x432.png 768w, https:\/\/note.ba\/wp-content\/uploads\/2019\/11\/Projekat-finansira-Evropska-unija-3.png 1920w\" sizes=\"auto, (max-width: 150px) 100vw, 150px\" \/><\/a><\/figure><\/div>\n\n\n\n<figure class=\"wp-block-gallery columns-0 is-cropped wp-block-gallery-1 is-layout-flex wp-block-gallery-is-layout-flex\"><ul class=\"blocks-gallery-grid\"><\/ul><\/figure>\n\n\n\n<div class=\"wp-block-image\"><figure class=\"aligncenter size-large is-resized\"><img loading=\"lazy\" decoding=\"async\" src=\"https:\/\/note.ba\/wp-content\/uploads\/2019\/12\/stari_grad_sarajevo.jpg\" alt=\"\" class=\"wp-image-825\" width=\"124\" height=\"56\" srcset=\"https:\/\/note.ba\/wp-content\/uploads\/2019\/12\/stari_grad_sarajevo.jpg 768w, https:\/\/note.ba\/wp-content\/uploads\/2019\/12\/stari_grad_sarajevo-300x136.jpg 300w\" sizes=\"auto, (max-width: 124px) 100vw, 124px\" \/><\/figure><\/div>\n","protected":false},"excerpt":{"rendered":"<p>Tra\u017eimo talente u Op\u0107ini Stari Grad Prijavi se na audiciju za:&#8211; Gitara ( svi koji \u017eele nau\u010diti svirati ovaj instrument)&#8211; Klavir (svi koji \u017eele nau\u010diti svirati ovaj instrument)&#8211; Orkestar ( djeca koja znaju svirati neki od instrumenata)&#8211; Hor ( individualno i grupno pjevanje) Veliko nam je zadovoljstvo najaviti projekat \u201eNote za djecu\u201c pod pokroviteljstvom Op\u0107ine [&hellip;]<\/p>\n","protected":false},"author":1,"featured_media":751,"comment_status":"closed","ping_status":"closed","sticky":false,"template":"","format":"standard","meta":{"footnotes":""},"categories":[5,4],"tags":[],"class_list":{"0":"post-750","1":"post","2":"type-post","3":"status-publish","4":"format-standard","5":"has-post-thumbnail","7":"category-note-za-djecu","8":"category-obavjestenja","9":"czr-hentry"},"_links":{"self":[{"href":"https:\/\/note.ba\/index.php\/wp-json\/wp\/v2\/posts\/750","targetHints":{"allow":["GET"]}}],"collection":[{"href":"https:\/\/note.ba\/index.php\/wp-json\/wp\/v2\/posts"}],"about":[{"href":"https:\/\/note.ba\/index.php\/wp-json\/wp\/v2\/types\/post"}],"author":[{"embeddable":true,"href":"https:\/\/note.ba\/index.php\/wp-json\/wp\/v2\/users\/1"}],"replies":[{"embeddable":true,"href":"https:\/\/note.ba\/index.php\/wp-json\/wp\/v2\/comments?post=750"}],"version-history":[{"count":16,"href":"https:\/\/note.ba\/index.php\/wp-json\/wp\/v2\/posts\/750\/revisions"}],"predecessor-version":[{"id":844,"href":"https:\/\/note.ba\/index.php\/wp-json\/wp\/v2\/posts\/750\/revisions\/844"}],"wp:featuredmedia":[{"embeddable":true,"href":"https:\/\/note.ba\/index.php\/wp-json\/wp\/v2\/media\/751"}],"wp:attachment":[{"href":"https:\/\/note.ba\/index.php\/wp-json\/wp\/v2\/media?parent=750"}],"wp:term":[{"taxonomy":"category","embeddable":true,"href":"https:\/\/note.ba\/index.php\/wp-json\/wp\/v2\/categories?post=750"},{"taxonomy":"post_tag","embeddable":true,"href":"https:\/\/note.ba\/index.php\/wp-json\/wp\/v2\/tags?post=750"}],"curies":[{"name":"wp","href":"https:\/\/api.w.org\/{rel}","templated":true}]}}