{"id":1090,"date":"2023-11-15T12:37:09","date_gmt":"2023-11-15T12:37:09","guid":{"rendered":"https:\/\/note.ba\/?p=1090"},"modified":"2023-11-28T12:44:07","modified_gmt":"2023-11-28T12:44:07","slug":"javni-poziv-za-produkcijske-kuce-iz-sarajeva","status":"publish","type":"post","link":"https:\/\/note.ba\/index.php\/2023\/11\/15\/javni-poziv-za-produkcijske-kuce-iz-sarajeva\/","title":{"rendered":"Javni poziv za produkcijske ku\u0107e iz Sarajeva"},"content":{"rendered":"\n<div class=\"wp-block-cover aligncenter\" style=\"min-height:307px;aspect-ratio:unset;\"><span aria-hidden=\"true\" class=\"wp-block-cover__background has-background-dim\"><\/span><img loading=\"lazy\" decoding=\"async\" width=\"1920\" height=\"1281\" src=\"https:\/\/note.ba\/wp-content\/uploads\/2023\/01\/jacek-dylag-xPugU5J5ePc-unsplash-1.jpg\" class=\"wp-block-cover__image-background wp-post-image\" alt=\"\" data-object-fit=\"cover\" data-object-position=\"28% 33%\" style=\"object-position:28% 33%;\" srcset=\"https:\/\/note.ba\/wp-content\/uploads\/2023\/01\/jacek-dylag-xPugU5J5ePc-unsplash-1.jpg 1920w, https:\/\/note.ba\/wp-content\/uploads\/2023\/01\/jacek-dylag-xPugU5J5ePc-unsplash-1-300x200.jpg 300w, https:\/\/note.ba\/wp-content\/uploads\/2023\/01\/jacek-dylag-xPugU5J5ePc-unsplash-1-1024x683.jpg 1024w, https:\/\/note.ba\/wp-content\/uploads\/2023\/01\/jacek-dylag-xPugU5J5ePc-unsplash-1-768x512.jpg 768w, https:\/\/note.ba\/wp-content\/uploads\/2023\/01\/jacek-dylag-xPugU5J5ePc-unsplash-1-1536x1025.jpg 1536w\" sizes=\"auto, (max-width: 1920px) 100vw, 1920px\" \/><div class=\"wp-block-cover__inner-container is-layout-flow wp-block-cover-is-layout-flow\">\n<p class=\"has-text-align-left has-large-font-size\"><\/p>\n<\/div><\/div>\n\n\n\n<p>Pozivamo produkcijske ku\u0107e iz Sarajeva da se prijave najkasnije do 30. novembra 2023. godine sa ponudama za snimanje &#8220;Pjesme generacija&#8221;, a u sklopu projekta &#8220;Note su \u017eivot&#8221; podr\u017eanog od Op\u0107ine Centar Sarajevo.<\/p>\n\n\n\n<p>Ponuda treba da sadr\u017ei pojedina\u010dni iznos za;<\/p>\n\n\n\n<ol class=\"wp-block-list\">\n<li>Snimanje pjesme i korepeticija izvo\u0111a\u010da (hor) ;<\/li>\n\n\n\n<li>Mastering kompozicije;<\/li>\n\n\n\n<li>Snimanje video uradka i postprodukcija:<\/li>\n<\/ol>\n\n\n\n<p>Ponude slati na mail; radionica@note.ba<\/p>\n","protected":false},"excerpt":{"rendered":"<p>Pozivamo produkcijske ku\u0107e iz Sarajeva da se prijave najkasnije do 30. novembra 2023. godine sa ponudama za snimanje &#8220;Pjesme generacija&#8221;, a u sklopu projekta &#8220;Note su \u017eivot&#8221; podr\u017eanog od Op\u0107ine Centar Sarajevo. Ponuda treba da sadr\u017ei pojedina\u010dni iznos za; Ponude slati na mail; radionica@note.ba<\/p>\n","protected":false},"author":1,"featured_media":1053,"comment_status":"closed","ping_status":"closed","sticky":true,"template":"","format":"standard","meta":{"footnotes":""},"categories":[8,4],"tags":[],"class_list":{"0":"post-1090","1":"post","2":"type-post","3":"status-publish","4":"format-standard","5":"has-post-thumbnail","7":"category-note-su-zivot","8":"category-obavjestenja","9":"czr-hentry"},"_links":{"self":[{"href":"https:\/\/note.ba\/index.php\/wp-json\/wp\/v2\/posts\/1090","targetHints":{"allow":["GET"]}}],"collection":[{"href":"https:\/\/note.ba\/index.php\/wp-json\/wp\/v2\/posts"}],"about":[{"href":"https:\/\/note.ba\/index.php\/wp-json\/wp\/v2\/types\/post"}],"author":[{"embeddable":true,"href":"https:\/\/note.ba\/index.php\/wp-json\/wp\/v2\/users\/1"}],"replies":[{"embeddable":true,"href":"https:\/\/note.ba\/index.php\/wp-json\/wp\/v2\/comments?post=1090"}],"version-history":[{"count":8,"href":"https:\/\/note.ba\/index.php\/wp-json\/wp\/v2\/posts\/1090\/revisions"}],"predecessor-version":[{"id":1100,"href":"https:\/\/note.ba\/index.php\/wp-json\/wp\/v2\/posts\/1090\/revisions\/1100"}],"wp:featuredmedia":[{"embeddable":true,"href":"https:\/\/note.ba\/index.php\/wp-json\/wp\/v2\/media\/1053"}],"wp:attachment":[{"href":"https:\/\/note.ba\/index.php\/wp-json\/wp\/v2\/media?parent=1090"}],"wp:term":[{"taxonomy":"category","embeddable":true,"href":"https:\/\/note.ba\/index.php\/wp-json\/wp\/v2\/categories?post=1090"},{"taxonomy":"post_tag","embeddable":true,"href":"https:\/\/note.ba\/index.php\/wp-json\/wp\/v2\/tags?post=1090"}],"curies":[{"name":"wp","href":"https:\/\/api.w.org\/{rel}","templated":true}]}}